{"id":3691,"date":"2024-05-27T14:07:18","date_gmt":"2024-05-27T12:07:18","guid":{"rendered":"https:\/\/2024.custombikeshow.se\/?p=3691"},"modified":"2024-05-27T15:47:55","modified_gmt":"2024-05-27T13:47:55","slug":"polina-krasnova-italien","status":"publish","type":"post","link":"https:\/\/2024.custombikeshow.se\/nn\/polina-krasnova-italien\/","title":{"rendered":"Polina Krasnova &#8211; Italien"},"content":{"rendered":"<p>Grundare och fotograf &#8211; Bikers Insider.<\/p>\n\n\n\n<p>Polina har varit djupt involverad i motorcykelbranschen sedan 2015. Hennes arbete har inkluderat eventreportage, samarbete med branschtidningar, arbetat med ledande motorcykelm\u00e4rken, skapat imponerande fotograferingar f\u00f6r sina kunder och levererat ett komplett utbud av redigerings- och efterproduktionstj\u00e4nster .<\/p>\n\n\n\n<p>F\u00f6rutom sina kunskaper som fotograf, har hon samarbetat och drivit projekt med hj\u00e4lp av hennes m\u00e5ngfald av f\u00e4rdigheter som utvecklats under \u00e5ren.<\/p>\n\n\n\n<p>Baserad i norra Italien kan hon enkelt n\u00e5 internationella motorcykelnav \u00f6ver hela v\u00e4rlden.<\/p>\n\n\n\n<hr class=\"wp-block-separator has-alpha-channel-opacity\"\/>\n\n\n\n<p>Founder and photographer &#8211; Bikers Insider.<\/p>\n\n\n\n<p>Polina has been deeply involved in the motorcycle industry since 2015. Her work has included event reportage, collaborating with industry magazines, working with leading motorcycle brands, creating high-impact photoshoots for her clients and delivering a full range of editing and post-production services.<\/p>\n\n\n\n<p>Aside from her skills as a photographer, she has collaborated and managed projects utilizing her multitude of skills developed over the years.<\/p>\n\n\n\n<p>Based in Northern Italy, she can easily reach international motorcycle hubs all over the world.<\/p>","protected":false},"excerpt":{"rendered":"<p>Grundare och fotograf &#8211; Bikers Insider. Polina har varit djupt involverad i motorcykelbranschen sedan 2015. Hennes arbete har inkluderat eventreportage, samarbete med branschtidningar, arbetat med ledande motorcykelm\u00e4rken, skapat imponerande fotograferingar f\u00f6r sina kunder och levererat ett komplett utbud av redigerings- och efterproduktionstj\u00e4nster . F\u00f6rutom sina kunskaper som fotograf, har hon samarbetat och drivit projekt med &#8230; <a title=\"Polina Krasnova &#8211; Italien\" class=\"read-more\" href=\"https:\/\/2024.custombikeshow.se\/nn\/polina-krasnova-italien\/\" aria-label=\"Read more about Polina Krasnova &#8211; Italien\">Read more<\/a><\/p>","protected":false},"author":1,"featured_media":3708,"comment_status":"closed","ping_status":"closed","sticky":false,"template":"","format":"standard","meta":{"_gspb_post_css":"","iawp_total_views":49,"footnotes":""},"categories":[28],"tags":[],"class_list":["post-3691","post","type-post","status-publish","format-standard","has-post-thumbnail","hentry","category-jury"],"_links":{"self":[{"href":"https:\/\/2024.custombikeshow.se\/nn\/wp-json\/wp\/v2\/posts\/3691","targetHints":{"allow":["GET"]}}],"collection":[{"href":"https:\/\/2024.custombikeshow.se\/nn\/wp-json\/wp\/v2\/posts"}],"about":[{"href":"https:\/\/2024.custombikeshow.se\/nn\/wp-json\/wp\/v2\/types\/post"}],"author":[{"embeddable":true,"href":"https:\/\/2024.custombikeshow.se\/nn\/wp-json\/wp\/v2\/users\/1"}],"replies":[{"embeddable":true,"href":"https:\/\/2024.custombikeshow.se\/nn\/wp-json\/wp\/v2\/comments?post=3691"}],"version-history":[{"count":1,"href":"https:\/\/2024.custombikeshow.se\/nn\/wp-json\/wp\/v2\/posts\/3691\/revisions"}],"predecessor-version":[{"id":3692,"href":"https:\/\/2024.custombikeshow.se\/nn\/wp-json\/wp\/v2\/posts\/3691\/revisions\/3692"}],"wp:featuredmedia":[{"embeddable":true,"href":"https:\/\/2024.custombikeshow.se\/nn\/wp-json\/wp\/v2\/media\/3708"}],"wp:attachment":[{"href":"https:\/\/2024.custombikeshow.se\/nn\/wp-json\/wp\/v2\/media?parent=3691"}],"wp:term":[{"taxonomy":"category","embeddable":true,"href":"https:\/\/2024.custombikeshow.se\/nn\/wp-json\/wp\/v2\/categories?post=3691"},{"taxonomy":"post_tag","embeddable":true,"href":"https:\/\/2024.custombikeshow.se\/nn\/wp-json\/wp\/v2\/tags?post=3691"}],"curies":[{"name":"wp","href":"https:\/\/api.w.org\/{rel}","templated":true}]}}